
{"id":1123,"date":"2017-12-05T10:48:29","date_gmt":"2017-12-05T08:48:29","guid":{"rendered":"http:\/\/czech-film.cz\/nezarazene-en\/nemeckou-televizni-cenu-daff-ziskal-tomas-belohradsky\/"},"modified":"2017-12-08T11:56:22","modified_gmt":"2017-12-08T09:56:22","slug":"tomas-belohradsky-won-german-television-award-daff","status":"publish","type":"post","link":"https:\/\/czech-film.cz\/en\/news\/tomas-belohradsky-won-german-television-award-daff\/","title":{"rendered":"Tom\u00e1\u0161 B\u011blohradsk\u00fd has won the German Academy TV award DAFF"},"content":{"rendered":"<p>Tom\u00e1\u0161 B\u011blohradsk\u00fd has won the German Academy award for the best TV production sound design (2017) at the end of October in Cologne, Germany, for his work on the three-part television miniseries called The Same Sky.<\/p>\n<p>&#8220;I take this award as a&nbsp;complex appreciation of the whole Czech-German staff, which has been involved in the realization of these miniseries. They provided a&nbsp;work of a&nbsp;very high quality. Personally, I&nbsp;am, of course, very pleased by the fact that the German TV Academy has noticed our work.&#8221;<\/p>\n<p>The three-part miniseries The Same Sky (original title &#8220;Der gleiche Himmel&#8221;) originated in Prague&#8217;s exteriors and film studios as a&nbsp;major international production. Film is directed by Oliver Hirschbiegel &#8211; the author of film The Fall of the Third Reich, nominated in 2004<br \/>\nOscar for Best Foreign Language Film. The story takes place during the times of Cold War. It describes the fate of two families on both sides of the Berlin Wall. Series were broadcasted in Czech Television under the Czech title &#8220;Under One Sky&#8221; in recent weeks. Czech Television has became one of the co-producers of this project.<\/p>\n<p>Tom\u00e1\u0161 B\u011blohradsk\u00fd is one of Czech FILM producers. He has a&nbsp;big experience in sounding in the past. For example, he worked on such Hollywood films as Serena, Hostel, or Unlocked starring Michael Douglas and Noomi Rapace. Also he did sounding for films Hart&#8217;s War or Bourn Identity. In Czech Republic, his name is known for films Bathory, Kr\u00e1sno, \u0158achanda or Habermann&#8217;s Mill, for which he was nominated for the Czech Lion. Today,he is preparing the second season of the very popular series, taking place during the World War II in a&nbsp;hospital. Those series titled Charit\u00e9 2 are prepared by the same award-winning team of German series The Same Sky. <\/p>\n","protected":false},"excerpt":{"rendered":"<p>Tom\u00e1\u0161 B\u011blohradsk\u00fd has won the award for the best TV production sound design (2017) at the end of October in Cologne, Germany, for his work on the three-part television miniseries called The Same Sky.<\/p>\n","protected":false},"author":6,"featured_media":1120,"comment_status":"closed","ping_status":"closed","sticky":false,"template":"","format":"standard","meta":{"footnotes":""},"categories":[34],"tags":[],"yoast_head":"<!-- This site is optimized with the Yoast SEO plugin v22.8 - https:\/\/yoast.com\/wordpress\/plugins\/seo\/ -->\n<title>Tom\u00e1\u0161 B\u011blohradsk\u00fd has won the German Academy TV award DAFF - Czech FILM<\/title>\n<meta name=\"description\" content=\"Tom\u00e1\u0161 B\u011blohradsk\u00fd has won the German Academy award for the best TV production sound design in Cologne for his work on the three-part television miniseries The Same Sky.\" \/>\n<meta name=\"robots\" content=\"index, follow, max-snippet:-1, max-image-preview:large, max-video-preview:-1\" \/>\n<link rel=\"canonical\" href=\"https:\/\/czech-film.cz\/en\/news\/tomas-belohradsky-won-german-television-award-daff\/\" \/>\n<meta property=\"og:locale\" content=\"en_US\" \/>\n<meta property=\"og:type\" content=\"article\" \/>\n<meta property=\"og:title\" content=\"Tom\u00e1\u0161 B\u011blohradsk\u00fd has won the German Academy TV award DAFF - Czech FILM\" \/>\n<meta property=\"og:description\" content=\"Tom\u00e1\u0161 B\u011blohradsk\u00fd has won the German Academy award for the best TV production sound design in Cologne for his work on the three-part television miniseries The Same Sky.\" \/>\n<meta property=\"og:url\" content=\"https:\/\/czech-film.cz\/en\/news\/tomas-belohradsky-won-german-television-award-daff\/\" \/>\n<meta property=\"og:site_name\" content=\"Czech FILM\" \/>\n<meta property=\"article:published_time\" content=\"2017-12-05T08:48:29+00:00\" \/>\n<meta property=\"article:modified_time\" content=\"2017-12-08T09:56:22+00:00\" \/>\n<meta property=\"og:image\" content=\"https:\/\/czech-film.cz\/wp-content\/uploads\/2017\/12\/daff.jpg\" \/>\n\t<meta property=\"og:image:width\" content=\"960\" \/>\n\t<meta property=\"og:image:height\" content=\"540\" \/>\n\t<meta property=\"og:image:type\" content=\"image\/jpeg\" \/>\n<meta name=\"author\" content=\"doneadmin\" \/>\n<meta name=\"twitter:label1\" content=\"Written by\" \/>\n\t<meta name=\"twitter:data1\" content=\"doneadmin\" \/>\n\t<meta name=\"twitter:label2\" content=\"Est. reading time\" \/>\n\t<meta name=\"twitter:data2\" content=\"1 minute\" \/>\n<script type=\"application\/ld+json\" class=\"yoast-schema-graph\">{\"@context\":\"https:\/\/schema.org\",\"@graph\":[{\"@type\":\"WebPage\",\"@id\":\"https:\/\/czech-film.cz\/en\/news\/tomas-belohradsky-won-german-television-award-daff\/\",\"url\":\"https:\/\/czech-film.cz\/en\/news\/tomas-belohradsky-won-german-television-award-daff\/\",\"name\":\"Tom\u00e1\u0161 B\u011blohradsk\u00fd has won the German Academy TV award DAFF - Czech FILM\",\"isPartOf\":{\"@id\":\"https:\/\/czech-film.cz\/#website\"},\"primaryImageOfPage\":{\"@id\":\"https:\/\/czech-film.cz\/en\/news\/tomas-belohradsky-won-german-television-award-daff\/#primaryimage\"},\"image\":{\"@id\":\"https:\/\/czech-film.cz\/en\/news\/tomas-belohradsky-won-german-television-award-daff\/#primaryimage\"},\"thumbnailUrl\":\"https:\/\/czech-film.cz\/wp-content\/uploads\/2017\/12\/daff.jpg\",\"datePublished\":\"2017-12-05T08:48:29+00:00\",\"dateModified\":\"2017-12-08T09:56:22+00:00\",\"author\":{\"@id\":\"https:\/\/czech-film.cz\/#\/schema\/person\/b44906832aaa2b6ca0ca9120f3001e76\"},\"description\":\"Tom\u00e1\u0161 B\u011blohradsk\u00fd has won the German Academy award for the best TV production sound design in Cologne for his work on the three-part television miniseries The Same Sky.\",\"breadcrumb\":{\"@id\":\"https:\/\/czech-film.cz\/en\/news\/tomas-belohradsky-won-german-television-award-daff\/#breadcrumb\"},\"inLanguage\":\"en-US\",\"potentialAction\":[{\"@type\":\"ReadAction\",\"target\":[\"https:\/\/czech-film.cz\/en\/news\/tomas-belohradsky-won-german-television-award-daff\/\"]}]},{\"@type\":\"ImageObject\",\"inLanguage\":\"en-US\",\"@id\":\"https:\/\/czech-film.cz\/en\/news\/tomas-belohradsky-won-german-television-award-daff\/#primaryimage\",\"url\":\"https:\/\/czech-film.cz\/wp-content\/uploads\/2017\/12\/daff.jpg\",\"contentUrl\":\"https:\/\/czech-film.cz\/wp-content\/uploads\/2017\/12\/daff.jpg\",\"width\":960,\"height\":540},{\"@type\":\"BreadcrumbList\",\"@id\":\"https:\/\/czech-film.cz\/en\/news\/tomas-belohradsky-won-german-television-award-daff\/#breadcrumb\",\"itemListElement\":[{\"@type\":\"ListItem\",\"position\":1,\"name\":\"\u00davod\",\"item\":\"https:\/\/czech-film.cz\/\"},{\"@type\":\"ListItem\",\"position\":2,\"name\":\"Tom\u00e1\u0161 B\u011blohradsk\u00fd has won the German Academy TV award DAFF\"}]},{\"@type\":\"WebSite\",\"@id\":\"https:\/\/czech-film.cz\/#website\",\"url\":\"https:\/\/czech-film.cz\/\",\"name\":\"Czech FILM\",\"description\":\"filmov\u00e1 produkce, komplexn\u00ed produk\u010dn\u00ed servis\",\"potentialAction\":[{\"@type\":\"SearchAction\",\"target\":{\"@type\":\"EntryPoint\",\"urlTemplate\":\"https:\/\/czech-film.cz\/?s={search_term_string}\"},\"query-input\":\"required name=search_term_string\"}],\"inLanguage\":\"en-US\"},{\"@type\":\"Person\",\"@id\":\"https:\/\/czech-film.cz\/#\/schema\/person\/b44906832aaa2b6ca0ca9120f3001e76\",\"name\":\"doneadmin\",\"sameAs\":[\"https:\/\/digione.cz\"]}]}<\/script>\n<!-- \/ Yoast SEO plugin. -->","yoast_head_json":{"title":"Tom\u00e1\u0161 B\u011blohradsk\u00fd has won the German Academy TV award DAFF - Czech FILM","description":"Tom\u00e1\u0161 B\u011blohradsk\u00fd has won the German Academy award for the best TV production sound design in Cologne for his work on the three-part television miniseries The Same Sky.","robots":{"index":"index","follow":"follow","max-snippet":"max-snippet:-1","max-image-preview":"max-image-preview:large","max-video-preview":"max-video-preview:-1"},"canonical":"https:\/\/czech-film.cz\/en\/news\/tomas-belohradsky-won-german-television-award-daff\/","og_locale":"en_US","og_type":"article","og_title":"Tom\u00e1\u0161 B\u011blohradsk\u00fd has won the German Academy TV award DAFF - Czech FILM","og_description":"Tom\u00e1\u0161 B\u011blohradsk\u00fd has won the German Academy award for the best TV production sound design in Cologne for his work on the three-part television miniseries The Same Sky.","og_url":"https:\/\/czech-film.cz\/en\/news\/tomas-belohradsky-won-german-television-award-daff\/","og_site_name":"Czech FILM","article_published_time":"2017-12-05T08:48:29+00:00","article_modified_time":"2017-12-08T09:56:22+00:00","og_image":[{"width":960,"height":540,"url":"https:\/\/czech-film.cz\/wp-content\/uploads\/2017\/12\/daff.jpg","type":"image\/jpeg"}],"author":"doneadmin","twitter_misc":{"Written by":"doneadmin","Est. reading time":"1 minute"},"schema":{"@context":"https:\/\/schema.org","@graph":[{"@type":"WebPage","@id":"https:\/\/czech-film.cz\/en\/news\/tomas-belohradsky-won-german-television-award-daff\/","url":"https:\/\/czech-film.cz\/en\/news\/tomas-belohradsky-won-german-television-award-daff\/","name":"Tom\u00e1\u0161 B\u011blohradsk\u00fd has won the German Academy TV award DAFF - Czech FILM","isPartOf":{"@id":"https:\/\/czech-film.cz\/#website"},"primaryImageOfPage":{"@id":"https:\/\/czech-film.cz\/en\/news\/tomas-belohradsky-won-german-television-award-daff\/#primaryimage"},"image":{"@id":"https:\/\/czech-film.cz\/en\/news\/tomas-belohradsky-won-german-television-award-daff\/#primaryimage"},"thumbnailUrl":"https:\/\/czech-film.cz\/wp-content\/uploads\/2017\/12\/daff.jpg","datePublished":"2017-12-05T08:48:29+00:00","dateModified":"2017-12-08T09:56:22+00:00","author":{"@id":"https:\/\/czech-film.cz\/#\/schema\/person\/b44906832aaa2b6ca0ca9120f3001e76"},"description":"Tom\u00e1\u0161 B\u011blohradsk\u00fd has won the German Academy award for the best TV production sound design in Cologne for his work on the three-part television miniseries The Same Sky.","breadcrumb":{"@id":"https:\/\/czech-film.cz\/en\/news\/tomas-belohradsky-won-german-television-award-daff\/#breadcrumb"},"inLanguage":"en-US","potentialAction":[{"@type":"ReadAction","target":["https:\/\/czech-film.cz\/en\/news\/tomas-belohradsky-won-german-television-award-daff\/"]}]},{"@type":"ImageObject","inLanguage":"en-US","@id":"https:\/\/czech-film.cz\/en\/news\/tomas-belohradsky-won-german-television-award-daff\/#primaryimage","url":"https:\/\/czech-film.cz\/wp-content\/uploads\/2017\/12\/daff.jpg","contentUrl":"https:\/\/czech-film.cz\/wp-content\/uploads\/2017\/12\/daff.jpg","width":960,"height":540},{"@type":"BreadcrumbList","@id":"https:\/\/czech-film.cz\/en\/news\/tomas-belohradsky-won-german-television-award-daff\/#breadcrumb","itemListElement":[{"@type":"ListItem","position":1,"name":"\u00davod","item":"https:\/\/czech-film.cz\/"},{"@type":"ListItem","position":2,"name":"Tom\u00e1\u0161 B\u011blohradsk\u00fd has won the German Academy TV award DAFF"}]},{"@type":"WebSite","@id":"https:\/\/czech-film.cz\/#website","url":"https:\/\/czech-film.cz\/","name":"Czech FILM","description":"filmov\u00e1 produkce, komplexn\u00ed produk\u010dn\u00ed servis","potentialAction":[{"@type":"SearchAction","target":{"@type":"EntryPoint","urlTemplate":"https:\/\/czech-film.cz\/?s={search_term_string}"},"query-input":"required name=search_term_string"}],"inLanguage":"en-US"},{"@type":"Person","@id":"https:\/\/czech-film.cz\/#\/schema\/person\/b44906832aaa2b6ca0ca9120f3001e76","name":"doneadmin","sameAs":["https:\/\/digione.cz"]}]}},"_links":{"self":[{"href":"https:\/\/czech-film.cz\/en\/wp-json\/wp\/v2\/posts\/1123"}],"collection":[{"href":"https:\/\/czech-film.cz\/en\/wp-json\/wp\/v2\/posts"}],"about":[{"href":"https:\/\/czech-film.cz\/en\/wp-json\/wp\/v2\/types\/post"}],"author":[{"embeddable":true,"href":"https:\/\/czech-film.cz\/en\/wp-json\/wp\/v2\/users\/6"}],"replies":[{"embeddable":true,"href":"https:\/\/czech-film.cz\/en\/wp-json\/wp\/v2\/comments?post=1123"}],"version-history":[{"count":8,"href":"https:\/\/czech-film.cz\/en\/wp-json\/wp\/v2\/posts\/1123\/revisions"}],"predecessor-version":[{"id":1184,"href":"https:\/\/czech-film.cz\/en\/wp-json\/wp\/v2\/posts\/1123\/revisions\/1184"}],"wp:featuredmedia":[{"embeddable":true,"href":"https:\/\/czech-film.cz\/en\/wp-json\/wp\/v2\/media\/1120"}],"wp:attachment":[{"href":"https:\/\/czech-film.cz\/en\/wp-json\/wp\/v2\/media?parent=1123"}],"wp:term":[{"taxonomy":"category","embeddable":true,"href":"https:\/\/czech-film.cz\/en\/wp-json\/wp\/v2\/categories?post=1123"},{"taxonomy":"post_tag","embeddable":true,"href":"https:\/\/czech-film.cz\/en\/wp-json\/wp\/v2\/tags?post=1123"}],"curies":[{"name":"wp","href":"https:\/\/api.w.org\/{rel}","templated":true}]}}